{"id":5659,"date":"2025-06-27T11:46:28","date_gmt":"2025-06-27T11:46:28","guid":{"rendered":"https:\/\/cafeallgemein.at\/?p=5659"},"modified":"2025-08-03T16:52:07","modified_gmt":"2025-08-03T16:52:07","slug":"%f0%9f%8c%9e-sommer-pause-%f0%9f%8c%9e","status":"publish","type":"post","link":"https:\/\/cafeallgemein.at\/?p=5659","title":{"rendered":"\ud83c\udf1e Sommer Pause \ud83c\udf1e"},"content":{"rendered":"\n<p><\/p>\n\n\n\n<p>Liebe G\u00e4ste,\u2600\ufe0f<br>wir machen eine kurze Sommerpause und haben von<br>Freitag, 8. August bis einschlie\u00dflich Dienstag, 12. August<br>geschlossen.<\/p>\n\n\n\n<p>Ab Mittwoch, dem 13. August sind wir wieder wie gewohnt f\u00fcr euch da!<\/p>\n\n\n\n<p>Wir w\u00fcnschen euch eine erholsame und sonnige Sommerszeit. <\/p>\n\n\n\n<p>Euer Allgemein-Team\ud83c\udf31\u2600\ufe0f<\/p>\n","protected":false},"excerpt":{"rendered":"<p>Liebe G\u00e4ste,\u2600\ufe0fwir machen eine kurze Sommerpause und haben vonFreitag, 8. August bis einschlie\u00dflich Dienstag, 12. Augustgeschlossen. Ab Mittwoch, dem 13. August sind wir wieder wie gewohnt f\u00fcr euch da! Wir w\u00fcnschen euch eine erholsame und sonnige Sommerszeit. Euer Allgemein-Team\ud83c\udf31\u2600\ufe0f<\/p>\n","protected":false},"author":2,"featured_media":0,"comment_status":"open","ping_status":"open","sticky":false,"template":"","format":"standard","meta":{"footnotes":""},"categories":[1],"tags":[],"class_list":["post-5659","post","type-post","status-publish","format-standard","hentry","category-uncategorized"],"_links":{"self":[{"href":"https:\/\/cafeallgemein.at\/index.php?rest_route=\/wp\/v2\/posts\/5659","targetHints":{"allow":["GET"]}}],"collection":[{"href":"https:\/\/cafeallgemein.at\/index.php?rest_route=\/wp\/v2\/posts"}],"about":[{"href":"https:\/\/cafeallgemein.at\/index.php?rest_route=\/wp\/v2\/types\/post"}],"author":[{"embeddable":true,"href":"https:\/\/cafeallgemein.at\/index.php?rest_route=\/wp\/v2\/users\/2"}],"replies":[{"embeddable":true,"href":"https:\/\/cafeallgemein.at\/index.php?rest_route=%2Fwp%2Fv2%2Fcomments&post=5659"}],"version-history":[{"count":4,"href":"https:\/\/cafeallgemein.at\/index.php?rest_route=\/wp\/v2\/posts\/5659\/revisions"}],"predecessor-version":[{"id":5664,"href":"https:\/\/cafeallgemein.at\/index.php?rest_route=\/wp\/v2\/posts\/5659\/revisions\/5664"}],"wp:attachment":[{"href":"https:\/\/cafeallgemein.at\/index.php?rest_route=%2Fwp%2Fv2%2Fmedia&parent=5659"}],"wp:term":[{"taxonomy":"category","embeddable":true,"href":"https:\/\/cafeallgemein.at\/index.php?rest_route=%2Fwp%2Fv2%2Fcategories&post=5659"},{"taxonomy":"post_tag","embeddable":true,"href":"https:\/\/cafeallgemein.at\/index.php?rest_route=%2Fwp%2Fv2%2Ftags&post=5659"}],"curies":[{"name":"wp","href":"https:\/\/api.w.org\/{rel}","templated":true}]}}