{"id":5632,"date":"2025-03-18T08:58:35","date_gmt":"2025-03-18T08:58:35","guid":{"rendered":"https:\/\/cafeallgemein.at\/?p=5632"},"modified":"2025-03-18T08:58:37","modified_gmt":"2025-03-18T08:58:37","slug":"5632","status":"publish","type":"post","link":"https:\/\/cafeallgemein.at\/?p=5632","title":{"rendered":""},"content":{"rendered":"\n<p>Liebe G\u00e4ste,<br>wir feiern am Donnerstag, den 20. M\u00e4rz das neue persische Jahr und den Fr\u00fchlingsanfang.Wir w\u00fcnschen uns allen ein gesundes und erfolgreiches neues Jahr! Aus diesem Grund bleibt unser Kaffeehaus an diesem Tag geschlossen!<br>Vielen Dank!<br>Euer Allgemein-Team<\/p>\n","protected":false},"excerpt":{"rendered":"<p>Liebe G\u00e4ste,wir feiern am Donnerstag, den 20. M\u00e4rz das neue persische Jahr und den Fr\u00fchlingsanfang.Wir w\u00fcnschen uns allen ein gesundes und erfolgreiches neues Jahr! Aus diesem Grund bleibt unser Kaffeehaus an diesem Tag geschlossen!Vielen Dank!Euer Allgemein-Team<\/p>\n","protected":false},"author":1,"featured_media":5633,"comment_status":"open","ping_status":"open","sticky":false,"template":"","format":"standard","meta":{"footnotes":""},"categories":[1],"tags":[],"class_list":["post-5632","post","type-post","status-publish","format-standard","has-post-thumbnail","hentry","category-uncategorized"],"_links":{"self":[{"href":"https:\/\/cafeallgemein.at\/index.php?rest_route=\/wp\/v2\/posts\/5632","targetHints":{"allow":["GET"]}}],"collection":[{"href":"https:\/\/cafeallgemein.at\/index.php?rest_route=\/wp\/v2\/posts"}],"about":[{"href":"https:\/\/cafeallgemein.at\/index.php?rest_route=\/wp\/v2\/types\/post"}],"author":[{"embeddable":true,"href":"https:\/\/cafeallgemein.at\/index.php?rest_route=\/wp\/v2\/users\/1"}],"replies":[{"embeddable":true,"href":"https:\/\/cafeallgemein.at\/index.php?rest_route=%2Fwp%2Fv2%2Fcomments&post=5632"}],"version-history":[{"count":1,"href":"https:\/\/cafeallgemein.at\/index.php?rest_route=\/wp\/v2\/posts\/5632\/revisions"}],"predecessor-version":[{"id":5634,"href":"https:\/\/cafeallgemein.at\/index.php?rest_route=\/wp\/v2\/posts\/5632\/revisions\/5634"}],"wp:featuredmedia":[{"embeddable":true,"href":"https:\/\/cafeallgemein.at\/index.php?rest_route=\/wp\/v2\/media\/5633"}],"wp:attachment":[{"href":"https:\/\/cafeallgemein.at\/index.php?rest_route=%2Fwp%2Fv2%2Fmedia&parent=5632"}],"wp:term":[{"taxonomy":"category","embeddable":true,"href":"https:\/\/cafeallgemein.at\/index.php?rest_route=%2Fwp%2Fv2%2Fcategories&post=5632"},{"taxonomy":"post_tag","embeddable":true,"href":"https:\/\/cafeallgemein.at\/index.php?rest_route=%2Fwp%2Fv2%2Ftags&post=5632"}],"curies":[{"name":"wp","href":"https:\/\/api.w.org\/{rel}","templated":true}]}}