{"id":5572,"date":"2022-12-12T16:21:40","date_gmt":"2022-12-12T16:21:40","guid":{"rendered":"https:\/\/cafeallgemein.at\/?p=5572"},"modified":"2022-12-26T12:11:51","modified_gmt":"2022-12-26T12:11:51","slug":"5572","status":"publish","type":"post","link":"https:\/\/cafeallgemein.at\/?p=5572","title":{"rendered":""},"content":{"rendered":"\n<p>Liebe G\u00e4ste,<br>wir machen \u00fcber die Weihnachtstage eine kurze Pause! <\/p>\n\n\n\n<p>Wir sind vom 27.12-29.12. jeweils von 10:00-16:00 f\u00fcr Euch da!<\/p>\n\n\n\n<p>Caf\u00e9 Allgemein w\u00fcnscht Euch frohe Weihnachten, erholsame Fest Festtage und einen guten Rutsch in ein gesundes und erfolgreiches neues Jahr 2023. <\/p>\n\n\n\n<p>Wir sehen uns dann am 03. J\u00e4nner zu den gewohnten \u00d6ffnungszeiten wieder!<\/p>\n\n\n\n<p>Euer Allgemein-Team<\/p>\n","protected":false},"excerpt":{"rendered":"<p>Liebe G\u00e4ste,wir machen \u00fcber die Weihnachtstage eine kurze Pause! Wir sind vom 27.12-29.12. jeweils von 10:00-16:00 f\u00fcr Euch da! Caf\u00e9 Allgemein w\u00fcnscht Euch frohe Weihnachten, erholsame Fest Festtage und einen guten Rutsch in ein gesundes und erfolgreiches neues Jahr 2023. Wir sehen uns dann am 03. J\u00e4nner zu den gewohnten \u00d6ffnungszeiten wieder! Euer Allgemein-Team<\/p>\n","protected":false},"author":1,"featured_media":5573,"comment_status":"open","ping_status":"open","sticky":false,"template":"","format":"standard","meta":{"footnotes":""},"categories":[1],"tags":[],"class_list":["post-5572","post","type-post","status-publish","format-standard","has-post-thumbnail","hentry","category-uncategorized"],"_links":{"self":[{"href":"https:\/\/cafeallgemein.at\/index.php?rest_route=\/wp\/v2\/posts\/5572","targetHints":{"allow":["GET"]}}],"collection":[{"href":"https:\/\/cafeallgemein.at\/index.php?rest_route=\/wp\/v2\/posts"}],"about":[{"href":"https:\/\/cafeallgemein.at\/index.php?rest_route=\/wp\/v2\/types\/post"}],"author":[{"embeddable":true,"href":"https:\/\/cafeallgemein.at\/index.php?rest_route=\/wp\/v2\/users\/1"}],"replies":[{"embeddable":true,"href":"https:\/\/cafeallgemein.at\/index.php?rest_route=%2Fwp%2Fv2%2Fcomments&post=5572"}],"version-history":[{"count":3,"href":"https:\/\/cafeallgemein.at\/index.php?rest_route=\/wp\/v2\/posts\/5572\/revisions"}],"predecessor-version":[{"id":5586,"href":"https:\/\/cafeallgemein.at\/index.php?rest_route=\/wp\/v2\/posts\/5572\/revisions\/5586"}],"wp:featuredmedia":[{"embeddable":true,"href":"https:\/\/cafeallgemein.at\/index.php?rest_route=\/wp\/v2\/media\/5573"}],"wp:attachment":[{"href":"https:\/\/cafeallgemein.at\/index.php?rest_route=%2Fwp%2Fv2%2Fmedia&parent=5572"}],"wp:term":[{"taxonomy":"category","embeddable":true,"href":"https:\/\/cafeallgemein.at\/index.php?rest_route=%2Fwp%2Fv2%2Fcategories&post=5572"},{"taxonomy":"post_tag","embeddable":true,"href":"https:\/\/cafeallgemein.at\/index.php?rest_route=%2Fwp%2Fv2%2Ftags&post=5572"}],"curies":[{"name":"wp","href":"https:\/\/api.w.org\/{rel}","templated":true}]}}