{"id":5364,"date":"2022-07-24T18:26:00","date_gmt":"2022-07-24T18:26:00","guid":{"rendered":"https:\/\/cafeallgemein.at\/?p=5364"},"modified":"2022-07-24T18:26:07","modified_gmt":"2022-07-24T18:26:07","slug":"sommerurlaub","status":"publish","type":"post","link":"https:\/\/cafeallgemein.at\/?p=5364","title":{"rendered":"sommerurlaub"},"content":{"rendered":"\n<p>Liebe G\u00e4ste,<\/p>\n\n\n\n<p>Caf\u00e9 Allgemein macht vom 09. August bis zum 18. August Urlaub!<\/p>\n\n\n\n<p>Am Freitag, den 19. August sind wir zu unseren gewohnten \u00d6ffnungszeiten wieder da!!<\/p>\n\n\n\n<p>Euer Allgemein &#8211; Team<\/p>\n","protected":false},"excerpt":{"rendered":"<p>Liebe G\u00e4ste, Caf\u00e9 Allgemein macht vom 09. August bis zum 18. August Urlaub! Am Freitag, den 19. August sind wir zu unseren gewohnten \u00d6ffnungszeiten wieder da!! Euer Allgemein &#8211; Team<\/p>\n","protected":false},"author":1,"featured_media":5436,"comment_status":"open","ping_status":"open","sticky":false,"template":"","format":"standard","meta":{"footnotes":""},"categories":[163],"tags":[],"class_list":["post-5364","post","type-post","status-publish","format-standard","has-post-thumbnail","hentry","category-news"],"_links":{"self":[{"href":"https:\/\/cafeallgemein.at\/index.php?rest_route=\/wp\/v2\/posts\/5364","targetHints":{"allow":["GET"]}}],"collection":[{"href":"https:\/\/cafeallgemein.at\/index.php?rest_route=\/wp\/v2\/posts"}],"about":[{"href":"https:\/\/cafeallgemein.at\/index.php?rest_route=\/wp\/v2\/types\/post"}],"author":[{"embeddable":true,"href":"https:\/\/cafeallgemein.at\/index.php?rest_route=\/wp\/v2\/users\/1"}],"replies":[{"embeddable":true,"href":"https:\/\/cafeallgemein.at\/index.php?rest_route=%2Fwp%2Fv2%2Fcomments&post=5364"}],"version-history":[{"count":3,"href":"https:\/\/cafeallgemein.at\/index.php?rest_route=\/wp\/v2\/posts\/5364\/revisions"}],"predecessor-version":[{"id":5566,"href":"https:\/\/cafeallgemein.at\/index.php?rest_route=\/wp\/v2\/posts\/5364\/revisions\/5566"}],"wp:featuredmedia":[{"embeddable":true,"href":"https:\/\/cafeallgemein.at\/index.php?rest_route=\/wp\/v2\/media\/5436"}],"wp:attachment":[{"href":"https:\/\/cafeallgemein.at\/index.php?rest_route=%2Fwp%2Fv2%2Fmedia&parent=5364"}],"wp:term":[{"taxonomy":"category","embeddable":true,"href":"https:\/\/cafeallgemein.at\/index.php?rest_route=%2Fwp%2Fv2%2Fcategories&post=5364"},{"taxonomy":"post_tag","embeddable":true,"href":"https:\/\/cafeallgemein.at\/index.php?rest_route=%2Fwp%2Fv2%2Ftags&post=5364"}],"curies":[{"name":"wp","href":"https:\/\/api.w.org\/{rel}","templated":true}]}}